{"id":4506,"date":"2021-01-04T14:42:23","date_gmt":"2021-01-04T13:42:23","guid":{"rendered":"https:\/\/ponceaucharmilles.fr\/web\/?p=4506"},"modified":"2021-01-05T11:57:22","modified_gmt":"2021-01-05T10:57:22","slug":"nouveaux-horaires-pour-le-magasin-les-paniers-du-ponceau","status":"publish","type":"post","link":"https:\/\/ponceaucharmilles.fr\/web\/2021\/01\/04\/nouveaux-horaires-pour-le-magasin-les-paniers-du-ponceau\/","title":{"rendered":"Nouveaux horaires pour le magasin &#8221; Les Paniers du Ponceau&#8221;"},"content":{"rendered":"\n<p>A l&#8217;occasion de cette nouvelle ann\u00e9e, l&#8217;ensemble des professionnels et des personnes accueillies de l&#8217;Association Ponceau Charmilles vous souhaitent leurs meilleurs v\u0153ux!!<\/p>\n<p>Que vous soyez un particulier, une entreprise ou une collectivit\u00e9, \u00e0 partir du 5 janvier 2021, notre magasin \u00ab Les Paniers du Ponceau \u00bb vous accueillera d\u00e9sormais<\/p>\n<p style=\"text-align: center;\"><strong> le Mardi, Mercredi, Jeudi et Vendredi de 9h \u00e0 12h30 et de 14h \u00e0 18h30 <\/strong><\/p>\n<p style=\"text-align: center;\"><strong>ainsi que le samedi matin de 9h \u00e0 13h00.<\/strong><\/p>\n<p>Rejoignez nous \u00e9galement chaque semaine sur le blog <a href=\"http:\/\/leponceau.over-blog.com\/\"><strong>http:\/\/leponceau.over-blog.com\/<\/strong><\/a> pour y d\u00e9couvrir toute l&#8217;actualit\u00e9 du magasin ainsi les produits disponibles! A tr\u00e8s vite!<\/p>\n\n\n\n\n\n<figure class=\"wp-container-2 wp-block-gallery-1 wp-block-gallery columns-3 is-cropped\"><ul class=\"blocks-gallery-grid\"><li class=\"blocks-gallery-item\"><figure><img loading=\"lazy\" width=\"1030\" height=\"773\" src=\"https:\/\/ponceaucharmilles.fr\/web\/wp-content\/uploads\/2020\/09\/DSC01349-1030x773.jpg\" alt=\"\" data-id=\"4473\" data-full-url=\"https:\/\/ponceaucharmilles.fr\/web\/wp-content\/uploads\/2020\/09\/DSC01349-scaled.jpg\" data-link=\"https:\/\/ponceaucharmilles.fr\/web\/dsc01349\/\" class=\"wp-image-4473\" srcset=\"https:\/\/ponceaucharmilles.fr\/web\/wp-content\/uploads\/2020\/09\/DSC01349-1030x773.jpg 1030w, https:\/\/ponceaucharmilles.fr\/web\/wp-content\/uploads\/2020\/09\/DSC01349-300x225.jpg 300w, https:\/\/ponceaucharmilles.fr\/web\/wp-content\/uploads\/2020\/09\/DSC01349-768x576.jpg 768w, https:\/\/ponceaucharmilles.fr\/web\/wp-content\/uploads\/2020\/09\/DSC01349-1536x1152.jpg 1536w, https:\/\/ponceaucharmilles.fr\/web\/wp-content\/uploads\/2020\/09\/DSC01349-2048x1536.jpg 2048w\" sizes=\"(max-width: 1030px) 100vw, 1030px\" \/><\/figure><\/li><li class=\"blocks-gallery-item\"><figure><img loading=\"lazy\" width=\"1030\" height=\"773\" src=\"https:\/\/ponceaucharmilles.fr\/web\/wp-content\/uploads\/2020\/09\/DSC01344-1030x773.jpg\" alt=\"\" data-id=\"4468\" data-full-url=\"https:\/\/ponceaucharmilles.fr\/web\/wp-content\/uploads\/2020\/09\/DSC01344-scaled.jpg\" data-link=\"https:\/\/ponceaucharmilles.fr\/web\/dsc01344\/\" class=\"wp-image-4468\" srcset=\"https:\/\/ponceaucharmilles.fr\/web\/wp-content\/uploads\/2020\/09\/DSC01344-1030x773.jpg 1030w, https:\/\/ponceaucharmilles.fr\/web\/wp-content\/uploads\/2020\/09\/DSC01344-300x225.jpg 300w, https:\/\/ponceaucharmilles.fr\/web\/wp-content\/uploads\/2020\/09\/DSC01344-768x576.jpg 768w, https:\/\/ponceaucharmilles.fr\/web\/wp-content\/uploads\/2020\/09\/DSC01344-1536x1152.jpg 1536w, https:\/\/ponceaucharmilles.fr\/web\/wp-content\/uploads\/2020\/09\/DSC01344-2048x1536.jpg 2048w\" sizes=\"(max-width: 1030px) 100vw, 1030px\" \/><figcaption class=\"blocks-gallery-item__caption\">L&#8217;entr\u00e9e du magasin Bio Les Paniers du Ponceau<\/figcaption><\/figure><\/li><li class=\"blocks-gallery-item\"><figure><img loading=\"lazy\" width=\"1030\" height=\"773\" src=\"https:\/\/ponceaucharmilles.fr\/web\/wp-content\/uploads\/2019\/05\/DSC00633-1030x773.jpg\" alt=\"\" data-id=\"4387\" data-full-url=\"https:\/\/ponceaucharmilles.fr\/web\/wp-content\/uploads\/2019\/05\/DSC00633.jpg\" data-link=\"https:\/\/ponceaucharmilles.fr\/web\/dsc00633\/\" class=\"wp-image-4387\" srcset=\"https:\/\/ponceaucharmilles.fr\/web\/wp-content\/uploads\/2019\/05\/DSC00633-1030x773.jpg 1030w, https:\/\/ponceaucharmilles.fr\/web\/wp-content\/uploads\/2019\/05\/DSC00633-300x225.jpg 300w, https:\/\/ponceaucharmilles.fr\/web\/wp-content\/uploads\/2019\/05\/DSC00633-768x576.jpg 768w\" sizes=\"(max-width: 1030px) 100vw, 1030px\" \/><\/figure><\/li><li class=\"blocks-gallery-item\"><figure><img loading=\"lazy\" width=\"1030\" height=\"773\" src=\"https:\/\/ponceaucharmilles.fr\/web\/wp-content\/uploads\/2019\/05\/DSC00632-1030x773.jpg\" alt=\"\" data-id=\"4386\" data-full-url=\"https:\/\/ponceaucharmilles.fr\/web\/wp-content\/uploads\/2019\/05\/DSC00632.jpg\" data-link=\"https:\/\/ponceaucharmilles.fr\/web\/dsc00632\/\" class=\"wp-image-4386\" srcset=\"https:\/\/ponceaucharmilles.fr\/web\/wp-content\/uploads\/2019\/05\/DSC00632-1030x773.jpg 1030w, https:\/\/ponceaucharmilles.fr\/web\/wp-content\/uploads\/2019\/05\/DSC00632-300x225.jpg 300w, https:\/\/ponceaucharmilles.fr\/web\/wp-content\/uploads\/2019\/05\/DSC00632-768x576.jpg 768w\" sizes=\"(max-width: 1030px) 100vw, 1030px\" \/><\/figure><\/li><\/ul><\/figure>\n","protected":false},"excerpt":{"rendered":"<p>A l&#8217;occasion de cette nouvelle ann\u00e9e, l&#8217;ensemble des professionnels et des personnes accueillies de l&#8217;Association Ponceau Charmilles vous souhaitent leurs meilleurs v\u0153ux!! Que vous soyez un particulier, une entreprise ou &#8230;<\/p>\n","protected":false},"author":4,"featured_media":4518,"comment_status":"closed","ping_status":"closed","sticky":false,"template":"","format":"standard","meta":[],"categories":[88],"tags":[],"_links":{"self":[{"href":"https:\/\/ponceaucharmilles.fr\/web\/wp-json\/wp\/v2\/posts\/4506"}],"collection":[{"href":"https:\/\/ponceaucharmilles.fr\/web\/wp-json\/wp\/v2\/posts"}],"about":[{"href":"https:\/\/ponceaucharmilles.fr\/web\/wp-json\/wp\/v2\/types\/post"}],"author":[{"embeddable":true,"href":"https:\/\/ponceaucharmilles.fr\/web\/wp-json\/wp\/v2\/users\/4"}],"replies":[{"embeddable":true,"href":"https:\/\/ponceaucharmilles.fr\/web\/wp-json\/wp\/v2\/comments?post=4506"}],"version-history":[{"count":8,"href":"https:\/\/ponceaucharmilles.fr\/web\/wp-json\/wp\/v2\/posts\/4506\/revisions"}],"predecessor-version":[{"id":4520,"href":"https:\/\/ponceaucharmilles.fr\/web\/wp-json\/wp\/v2\/posts\/4506\/revisions\/4520"}],"wp:featuredmedia":[{"embeddable":true,"href":"https:\/\/ponceaucharmilles.fr\/web\/wp-json\/wp\/v2\/media\/4518"}],"wp:attachment":[{"href":"https:\/\/ponceaucharmilles.fr\/web\/wp-json\/wp\/v2\/media?parent=4506"}],"wp:term":[{"taxonomy":"category","embeddable":true,"href":"https:\/\/ponceaucharmilles.fr\/web\/wp-json\/wp\/v2\/categories?post=4506"},{"taxonomy":"post_tag","embeddable":true,"href":"https:\/\/ponceaucharmilles.fr\/web\/wp-json\/wp\/v2\/tags?post=4506"}],"curies":[{"name":"wp","href":"https:\/\/api.w.org\/{rel}","templated":true}]}}