{"id":4553,"date":"2021-09-03T09:46:40","date_gmt":"2021-09-03T07:46:40","guid":{"rendered":"https:\/\/ponceaucharmilles.fr\/web\/?p=4553"},"modified":"2021-09-03T12:22:00","modified_gmt":"2021-09-03T10:22:00","slug":"different-et-competent-la-reconnaissance-des-competences-professionnelles","status":"publish","type":"post","link":"https:\/\/ponceaucharmilles.fr\/web\/2021\/09\/03\/different-et-competent-la-reconnaissance-des-competences-professionnelles\/","title":{"rendered":"Diff\u00e9rent et comp\u00e9tent : la reconnaissance des comp\u00e9tences professionnelles"},"content":{"rendered":"\n<p>\u00a0<\/p>\n<p><span style=\"color: #000000;\">Jeudi 10 juin 2021 a eu lieu la remise des attestations diff\u00e9rents et comp\u00e9tents \u00e0 l\u2019ESAT Robida \u00e0 Saint Berthevin.<\/span><\/p>\n<p><span style=\"color: #000000;\">Ce dispositif de reconnaissance de l\u2019exp\u00e9rience permet aux personnes en situation de handicap d\u2019\u00eatre reconnues dans leurs comp\u00e9tences professionnelles, <\/span><span style=\"color: #000000;\">en partenariat avec le Minist\u00e8re de l\u2019\u00c9ducation nationale et le Minist\u00e8re de l\u2019Agriculture \u00e0 partir de r\u00e9f\u00e9rentiels d\u2019activit\u00e9 professionnelle issus du droit commun.<\/span><\/p>\n<p><span style=\"color: #000000;\">L\u2019ESAT le Ponceau est inscrit dans cette d\u00e9marche depuis maintenant plusieurs ann\u00e9es et c\u2019est Mr Fabien DAVID qui a re\u00e7u cette distinction. <\/span><\/p>\n<p><span style=\"color: #000000;\">Il \u00e9tait accompagn\u00e9 de travailleurs de l\u2019ESAT de Robida. \u00a0<\/span><\/p>\n<p><span style=\"color: #000000;\">Certains repr\u00e9sentants d\u2019entreprise travaillant en partenariat avec les ESAT \u00e9taient pr\u00e9sents et nous les remercions.\u00a0<\/span><\/p>\n<p><span style=\"color: #000000;\">F\u00e9licitation \u00e0 tous\u00a0les laur\u00e9ats !!!!!!<\/span><\/p>\n<p><img loading=\"lazy\" class=\"alignnone size-medium wp-image-4555\" src=\"https:\/\/ponceaucharmilles.fr\/web\/wp-content\/uploads\/2021\/09\/1B4B3576-300x200.jpg\" alt=\"\" width=\"300\" height=\"200\" srcset=\"https:\/\/ponceaucharmilles.fr\/web\/wp-content\/uploads\/2021\/09\/1B4B3576-300x200.jpg 300w, https:\/\/ponceaucharmilles.fr\/web\/wp-content\/uploads\/2021\/09\/1B4B3576-1030x687.jpg 1030w, https:\/\/ponceaucharmilles.fr\/web\/wp-content\/uploads\/2021\/09\/1B4B3576-768x512.jpg 768w, https:\/\/ponceaucharmilles.fr\/web\/wp-content\/uploads\/2021\/09\/1B4B3576-1536x1024.jpg 1536w, https:\/\/ponceaucharmilles.fr\/web\/wp-content\/uploads\/2021\/09\/1B4B3576-2048x1365.jpg 2048w\" sizes=\"(max-width: 300px) 100vw, 300px\" \/><img loading=\"lazy\" class=\"alignnone size-medium wp-image-4556\" src=\"https:\/\/ponceaucharmilles.fr\/web\/wp-content\/uploads\/2021\/09\/1B4B3601-300x200.jpg\" alt=\"\" width=\"300\" height=\"200\" srcset=\"https:\/\/ponceaucharmilles.fr\/web\/wp-content\/uploads\/2021\/09\/1B4B3601-300x200.jpg 300w, https:\/\/ponceaucharmilles.fr\/web\/wp-content\/uploads\/2021\/09\/1B4B3601-1030x687.jpg 1030w, https:\/\/ponceaucharmilles.fr\/web\/wp-content\/uploads\/2021\/09\/1B4B3601-768x512.jpg 768w, https:\/\/ponceaucharmilles.fr\/web\/wp-content\/uploads\/2021\/09\/1B4B3601-1536x1024.jpg 1536w, https:\/\/ponceaucharmilles.fr\/web\/wp-content\/uploads\/2021\/09\/1B4B3601-2048x1365.jpg 2048w\" sizes=\"(max-width: 300px) 100vw, 300px\" \/><img loading=\"lazy\" class=\"alignnone size-medium wp-image-4554\" src=\"https:\/\/ponceaucharmilles.fr\/web\/wp-content\/uploads\/2021\/09\/1B4B3538-300x200.jpg\" alt=\"\" width=\"300\" height=\"200\" srcset=\"https:\/\/ponceaucharmilles.fr\/web\/wp-content\/uploads\/2021\/09\/1B4B3538-300x200.jpg 300w, https:\/\/ponceaucharmilles.fr\/web\/wp-content\/uploads\/2021\/09\/1B4B3538-1030x687.jpg 1030w, https:\/\/ponceaucharmilles.fr\/web\/wp-content\/uploads\/2021\/09\/1B4B3538-768x512.jpg 768w, https:\/\/ponceaucharmilles.fr\/web\/wp-content\/uploads\/2021\/09\/1B4B3538-1536x1024.jpg 1536w, https:\/\/ponceaucharmilles.fr\/web\/wp-content\/uploads\/2021\/09\/1B4B3538-2048x1365.jpg 2048w\" sizes=\"(max-width: 300px) 100vw, 300px\" \/><\/p>\n","protected":false},"excerpt":{"rendered":"<p>\u00a0 Jeudi 10 juin 2021 a eu lieu la remise des attestations diff\u00e9rents et comp\u00e9tents \u00e0 l\u2019ESAT Robida \u00e0 Saint Berthevin. Ce dispositif de reconnaissance de l\u2019exp\u00e9rience permet aux personnes &#8230;<\/p>\n","protected":false},"author":5,"featured_media":4554,"comment_status":"closed","ping_status":"closed","sticky":false,"template":"","format":"standard","meta":[],"categories":[89],"tags":[],"_links":{"self":[{"href":"https:\/\/ponceaucharmilles.fr\/web\/wp-json\/wp\/v2\/posts\/4553"}],"collection":[{"href":"https:\/\/ponceaucharmilles.fr\/web\/wp-json\/wp\/v2\/posts"}],"about":[{"href":"https:\/\/ponceaucharmilles.fr\/web\/wp-json\/wp\/v2\/types\/post"}],"author":[{"embeddable":true,"href":"https:\/\/ponceaucharmilles.fr\/web\/wp-json\/wp\/v2\/users\/5"}],"replies":[{"embeddable":true,"href":"https:\/\/ponceaucharmilles.fr\/web\/wp-json\/wp\/v2\/comments?post=4553"}],"version-history":[{"count":1,"href":"https:\/\/ponceaucharmilles.fr\/web\/wp-json\/wp\/v2\/posts\/4553\/revisions"}],"predecessor-version":[{"id":4557,"href":"https:\/\/ponceaucharmilles.fr\/web\/wp-json\/wp\/v2\/posts\/4553\/revisions\/4557"}],"wp:featuredmedia":[{"embeddable":true,"href":"https:\/\/ponceaucharmilles.fr\/web\/wp-json\/wp\/v2\/media\/4554"}],"wp:attachment":[{"href":"https:\/\/ponceaucharmilles.fr\/web\/wp-json\/wp\/v2\/media?parent=4553"}],"wp:term":[{"taxonomy":"category","embeddable":true,"href":"https:\/\/ponceaucharmilles.fr\/web\/wp-json\/wp\/v2\/categories?post=4553"},{"taxonomy":"post_tag","embeddable":true,"href":"https:\/\/ponceaucharmilles.fr\/web\/wp-json\/wp\/v2\/tags?post=4553"}],"curies":[{"name":"wp","href":"https:\/\/api.w.org\/{rel}","templated":true}]}}