{"id":4560,"date":"2021-12-06T11:32:47","date_gmt":"2021-12-06T10:32:47","guid":{"rendered":"https:\/\/ponceaucharmilles.fr\/web\/?p=4560"},"modified":"2021-12-06T11:32:47","modified_gmt":"2021-12-06T10:32:47","slug":"inauguration-de-lesat","status":"publish","type":"post","link":"https:\/\/ponceaucharmilles.fr\/web\/2021\/12\/06\/inauguration-de-lesat\/","title":{"rendered":"Inauguration de l&#8217;ESAT"},"content":{"rendered":"\n<p><span style=\"color: #000000;\">Le vendredi 22 octobre 2021, l\u2019ESAT-R LE PONCEAU inaugurait l\u2019extension et la r\u00e9novation de ses b\u00e2timents. L\u2019occasion de r\u00e9unir tous les acteurs de ce projet\u00a0: les travailleurs et leurs proches, les professionnels du Ponceau et des Charmilles, les administrateurs, les \u00e9lus locaux, le Conseil D\u00e9partemental, les fournisseurs, les entreprises locales ayant particip\u00e9es aux travaux et les partenaires.<\/span><\/p>\n<p><span style=\"color: #000000;\">Au programme\u00a0: une visite guid\u00e9e de l\u2019ESAT dont l\u2019activit\u00e9 avait \u00e9t\u00e9 maintenue afin de montrer les diff\u00e9rents ateliers et travaux r\u00e9alis\u00e9s.<\/span><\/p>\n<p><span style=\"color: #000000;\">S\u2019en est suivie la traditionnelle d\u00e9coupe du ruban tricolore devant la devanture du magasin \u00ab\u00a0Les Paniers du Ponceau\u00a0\u00bb marquant une \u00e9tape importante dans l\u2019histoire de l\u2019ESAT.<\/span><\/p>\n<p><span style=\"color: #000000;\">Pour l\u2019\u00e9v\u00e8nement, la serre des jardins d\u2019On\u00e9sime, lieu de r\u00e9ception, avait rev\u00eatue ses plus beaux attraits, sublim\u00e9e par les couleurs vives des chrysanth\u00e8mes de la jardinerie. Offrant un cadre color\u00e9 pour l\u2019in\u00e9vitable temps des discours, o\u00f9\u00a0administrateurs, \u00e9lus et travailleurs se sont donn\u00e9 le tour.<\/span><\/p>\n<p><span style=\"color: #000000;\">Apr\u00e8s ces temps plut\u00f4t formels, un cocktail d\u00e9jeunatoire \u00e9tait propos\u00e9 laissant place \u00e0 la d\u00e9tente et la convivialit\u00e9, au plus grand plaisir des uns et des autres.<\/span><\/p>\n<p>\u00a0<\/p>\n<p>\u00a0<\/p>\n<p><img loading=\"lazy\" class=\"alignnone size-medium wp-image-4562\" src=\"https:\/\/ponceaucharmilles.fr\/web\/wp-content\/uploads\/2021\/12\/DSC01544-300x225.jpg\" alt=\"\" width=\"300\" height=\"225\" srcset=\"https:\/\/ponceaucharmilles.fr\/web\/wp-content\/uploads\/2021\/12\/DSC01544-300x225.jpg 300w, https:\/\/ponceaucharmilles.fr\/web\/wp-content\/uploads\/2021\/12\/DSC01544-1030x773.jpg 1030w, https:\/\/ponceaucharmilles.fr\/web\/wp-content\/uploads\/2021\/12\/DSC01544-768x576.jpg 768w, https:\/\/ponceaucharmilles.fr\/web\/wp-content\/uploads\/2021\/12\/DSC01544-1536x1152.jpg 1536w, https:\/\/ponceaucharmilles.fr\/web\/wp-content\/uploads\/2021\/12\/DSC01544-2048x1536.jpg 2048w\" sizes=\"(max-width: 300px) 100vw, 300px\" \/> <img loading=\"lazy\" class=\"alignnone size-medium wp-image-4563\" src=\"https:\/\/ponceaucharmilles.fr\/web\/wp-content\/uploads\/2021\/12\/DSC01549-300x225.jpg\" alt=\"\" width=\"300\" height=\"225\" srcset=\"https:\/\/ponceaucharmilles.fr\/web\/wp-content\/uploads\/2021\/12\/DSC01549-300x225.jpg 300w, https:\/\/ponceaucharmilles.fr\/web\/wp-content\/uploads\/2021\/12\/DSC01549-1030x773.jpg 1030w, https:\/\/ponceaucharmilles.fr\/web\/wp-content\/uploads\/2021\/12\/DSC01549-768x576.jpg 768w, https:\/\/ponceaucharmilles.fr\/web\/wp-content\/uploads\/2021\/12\/DSC01549-1536x1152.jpg 1536w, https:\/\/ponceaucharmilles.fr\/web\/wp-content\/uploads\/2021\/12\/DSC01549-2048x1536.jpg 2048w\" sizes=\"(max-width: 300px) 100vw, 300px\" \/> <img loading=\"lazy\" class=\"alignnone size-medium wp-image-4564\" src=\"https:\/\/ponceaucharmilles.fr\/web\/wp-content\/uploads\/2021\/12\/DSC01625-300x225.jpg\" alt=\"\" width=\"300\" height=\"225\" srcset=\"https:\/\/ponceaucharmilles.fr\/web\/wp-content\/uploads\/2021\/12\/DSC01625-300x225.jpg 300w, https:\/\/ponceaucharmilles.fr\/web\/wp-content\/uploads\/2021\/12\/DSC01625-1030x773.jpg 1030w, https:\/\/ponceaucharmilles.fr\/web\/wp-content\/uploads\/2021\/12\/DSC01625-768x576.jpg 768w, https:\/\/ponceaucharmilles.fr\/web\/wp-content\/uploads\/2021\/12\/DSC01625-1536x1152.jpg 1536w, https:\/\/ponceaucharmilles.fr\/web\/wp-content\/uploads\/2021\/12\/DSC01625-2048x1536.jpg 2048w\" sizes=\"(max-width: 300px) 100vw, 300px\" \/><\/p>\n<p>\u00a0<\/p>\n<p>\u00a0<\/p>\n","protected":false},"excerpt":{"rendered":"<p>Le vendredi 22 octobre 2021, l\u2019ESAT-R LE PONCEAU inaugurait l\u2019extension et la r\u00e9novation de ses b\u00e2timents. L\u2019occasion de r\u00e9unir tous les acteurs de ce projet\u00a0: les travailleurs et leurs proches, &#8230;<\/p>\n","protected":false},"author":5,"featured_media":4477,"comment_status":"closed","ping_status":"closed","sticky":false,"template":"","format":"standard","meta":[],"categories":[89],"tags":[],"_links":{"self":[{"href":"https:\/\/ponceaucharmilles.fr\/web\/wp-json\/wp\/v2\/posts\/4560"}],"collection":[{"href":"https:\/\/ponceaucharmilles.fr\/web\/wp-json\/wp\/v2\/posts"}],"about":[{"href":"https:\/\/ponceaucharmilles.fr\/web\/wp-json\/wp\/v2\/types\/post"}],"author":[{"embeddable":true,"href":"https:\/\/ponceaucharmilles.fr\/web\/wp-json\/wp\/v2\/users\/5"}],"replies":[{"embeddable":true,"href":"https:\/\/ponceaucharmilles.fr\/web\/wp-json\/wp\/v2\/comments?post=4560"}],"version-history":[{"count":4,"href":"https:\/\/ponceaucharmilles.fr\/web\/wp-json\/wp\/v2\/posts\/4560\/revisions"}],"predecessor-version":[{"id":4568,"href":"https:\/\/ponceaucharmilles.fr\/web\/wp-json\/wp\/v2\/posts\/4560\/revisions\/4568"}],"wp:featuredmedia":[{"embeddable":true,"href":"https:\/\/ponceaucharmilles.fr\/web\/wp-json\/wp\/v2\/media\/4477"}],"wp:attachment":[{"href":"https:\/\/ponceaucharmilles.fr\/web\/wp-json\/wp\/v2\/media?parent=4560"}],"wp:term":[{"taxonomy":"category","embeddable":true,"href":"https:\/\/ponceaucharmilles.fr\/web\/wp-json\/wp\/v2\/categories?post=4560"},{"taxonomy":"post_tag","embeddable":true,"href":"https:\/\/ponceaucharmilles.fr\/web\/wp-json\/wp\/v2\/tags?post=4560"}],"curies":[{"name":"wp","href":"https:\/\/api.w.org\/{rel}","templated":true}]}}